{"id":8,"date":"2005-01-12T20:37:00","date_gmt":"2005-01-12T19:37:00","guid":{"rendered":"http:\/\/s153881241.online.de\/micha\/weblog\/?p=8"},"modified":"2012-10-17T20:36:01","modified_gmt":"2012-10-17T19:36:01","slug":"jan-peters-dezember-1-31","status":"publish","type":"post","link":"http:\/\/www.michaellange.info\/?p=8","title":{"rendered":"Jan Peters, Dezember, 1-31"},"content":{"rendered":"<div class=\"storyTitle\">Dezember, 1 &#8211; 31<\/div>\n<p>gesehen Sonntag, 5. November 2000, 22.00 Uhr auf 3Sat: <a href=\"http:\/\/www.3sat.de\/specials\/11005\/index.html\">http:\/\/www.3sat.de\/specials\/11005\/index.html<\/a><\/p>\n<p>Jan Peters<br \/>\n(*1966) Autor, Kameramann und zugleich Protagonist seiner Filme.<br \/>\nInitiator eines mobilen Kinos, 1986-88 Mitglied einer Super-8-Filmgruppe. 1988-97 Studium der Visuellen Kommunikation an der Hochschule f\u00fcr Bildende K\u00fcnste in Hamburg. 1994 Mitbegr\u00fcnder des Filmemacherkollektivs &#8222;Abbildungszentrum&#8220;. Seit 1986 zahlreiche Super-8-Kurzfilme. 1997 Jahresstipendium des Deutschen Akademischen Austauschdiensts f\u00fcr Paris, 1999 Frankreichstipendium des deutsch-franz\u00f6sischen Kulturrats. F\u00fcr seine letzten Filme erhielt er auf internationalen Festivals zahlreiche Preise.<br \/>\nJan Peters lebt und arbeitet in Paris und Hamburg.<\/p>\n<p>Filme (Auswahl):<\/p>\n<p>* Schwarz\u00e4rgerer (6 min, Super-8-Film), 1995<br \/>\n* Aber den Sinn des Lebens hab&#8216; ich immer noch nicht rausgefunden (20 min, 16mm-Film), 1996<br \/>\n* Dezember, 1-31 (97 min., 16mm-Film), 1998<br \/>\n* Ich bin 33 (3 min, 16mm), 2000<br \/>\n* Wie ich ein H\u00f6hlenmaler wurde (38 min, 16mm-Film), 2001 In Koproduktion mit dem Deutschen Schauspielhaus in Hamburg<br \/>\n* Sie haben 25 Nachrichten (53 min, H\u00f6rspiel), 2001<br \/>\n* a terrible journey (expanded cinema performance), 2002 mit H\u00e9l\u00e8na Villovitch, Paris; Intermedium 2 im ZKM, Karlsruhe (parallel als H\u00f6rst\u00fcck im Deutschlandfunk)<br \/>\n* Sieben Methoden (Spielfilm), 2002 mit H\u00e9l\u00e8na Villovitch<\/p>\n","protected":false},"excerpt":{"rendered":"<p>Dezember, 1 &#8211; 31 gesehen Sonntag, 5. November 2000, 22.00 Uhr auf 3Sat: http:\/\/www.3sat.de\/specials\/11005\/index.html Jan Peters (*1966) Autor, Kameramann und zugleich Protagonist seiner Filme. Initiator eines mobilen Kinos, 1986-88 Mitglied einer Super-8-Filmgruppe. 1988-97 Studium der Visuellen Kommunikation an der Hochschule f\u00fcr Bildende K\u00fcnste in Hamburg. 1994 Mitbegr\u00fcnder des Filmemacherkollektivs &#8222;Abbildungszentrum&#8220;&#8230;.<\/p>\n<p> <a class=\"continue-reading-link\" href=\"http:\/\/www.michaellange.info\/?p=8\"><span>Continue reading<\/span><i class=\"crycon-right-dir\"><\/i><\/a> <\/p>\n","protected":false},"author":1,"featured_media":0,"comment_status":"open","ping_status":"open","sticky":false,"template":"","format":"standard","meta":{"footnotes":""},"categories":[1],"tags":[],"class_list":["post-8","post","type-post","status-publish","format-standard","hentry","category-allgemein"],"_links":{"self":[{"href":"http:\/\/www.michaellange.info\/index.php?rest_route=\/wp\/v2\/posts\/8","targetHints":{"allow":["GET"]}}],"collection":[{"href":"http:\/\/www.michaellange.info\/index.php?rest_route=\/wp\/v2\/posts"}],"about":[{"href":"http:\/\/www.michaellange.info\/index.php?rest_route=\/wp\/v2\/types\/post"}],"author":[{"embeddable":true,"href":"http:\/\/www.michaellange.info\/index.php?rest_route=\/wp\/v2\/users\/1"}],"replies":[{"embeddable":true,"href":"http:\/\/www.michaellange.info\/index.php?rest_route=%2Fwp%2Fv2%2Fcomments&post=8"}],"version-history":[{"count":2,"href":"http:\/\/www.michaellange.info\/index.php?rest_route=\/wp\/v2\/posts\/8\/revisions"}],"predecessor-version":[{"id":346,"href":"http:\/\/www.michaellange.info\/index.php?rest_route=\/wp\/v2\/posts\/8\/revisions\/346"}],"wp:attachment":[{"href":"http:\/\/www.michaellange.info\/index.php?rest_route=%2Fwp%2Fv2%2Fmedia&parent=8"}],"wp:term":[{"taxonomy":"category","embeddable":true,"href":"http:\/\/www.michaellange.info\/index.php?rest_route=%2Fwp%2Fv2%2Fcategories&post=8"},{"taxonomy":"post_tag","embeddable":true,"href":"http:\/\/www.michaellange.info\/index.php?rest_route=%2Fwp%2Fv2%2Ftags&post=8"}],"curies":[{"name":"wp","href":"https:\/\/api.w.org\/{rel}","templated":true}]}}